{"id":2868,"date":"2020-08-18T19:49:52","date_gmt":"2020-08-18T22:49:52","guid":{"rendered":"https:\/\/des-for.infd.edu.ar\/sitio\/?p=2868"},"modified":"2020-08-18T19:51:23","modified_gmt":"2020-08-18T22:51:23","slug":"2868-2","status":"publish","type":"post","link":"https:\/\/des-for.infd.edu.ar\/sitio\/2868-2\/","title":{"rendered":"ISFDyT RIACHO HE-H\u00c9"},"content":{"rendered":"<h5 style=\"text-align: center;\">Acto digitalizado\u00a0<em>por<\/em>\u00a0el 170\u00b0\u00a0<em>aniversario<\/em>\u00a0de la\u00a0<em>muerte<\/em>\u00a0del general Jos\u00e9 de\u00a0<em>San Mart\u00edn.\u00a0<\/em><\/h5>\n<p><iframe loading=\"lazy\" width=\"1200\" height=\"900\" src=\"https:\/\/www.youtube.com\/embed\/9_X35-g0jZw?feature=oembed\" frameborder=\"0\" allow=\"accelerometer; autoplay; encrypted-media; gyroscope; picture-in-picture\" allowfullscreen><\/iframe><\/p>\n<aside class=\"aside-stickyXXX hide-mobile\">\n<div data-asidestickyxx=\"\" data-bannertopxxx=\"85\" data-bannerstartxxx=\"0\">El general\u00a0<strong>Jos\u00e9 de San Mart\u00edn<\/strong>\u00a0pas\u00f3 a la historia argentina como el mayor de los pr\u00f3ceres. No por nada hasta hoy es conocido\u00a0como \u00ab<strong>El Padre de la Patria<\/strong>\u00bb y\u00a0\u00ab<strong>El Libertador<\/strong>\u00ab. Bartolom\u00e9 Mitre lo nombr\u00f3 de forma p\u00f3stuma como \u00abel primer capit\u00e1n del Nuevo Mundo\u00bb.<\/div>\n<\/aside>\n","protected":false},"excerpt":{"rendered":"<p>Acto digitalizado\u00a0por\u00a0el 170\u00b0\u00a0aniversario\u00a0de la\u00a0muerte\u00a0del general Jos\u00e9 de\u00a0San Mart\u00edn.\u00a0 El general\u00a0Jos\u00e9 de San Mart\u00edn\u00a0pas\u00f3 a la historia argentina como el mayor de los pr\u00f3ceres. No por nada hasta hoy es conocido\u00a0como \u00abEl Padre de la Patria\u00bb y\u00a0\u00abEl Libertador\u00ab. Bartolom\u00e9 Mitre lo nombr\u00f3 de forma p\u00f3stuma como \u00abel primer capit\u00e1n del Nuevo Mundo\u00bb.<\/p>\n","protected":false},"author":298,"featured_media":2869,"comment_status":"open","ping_status":"open","sticky":false,"template":"","format":"standard","meta":[],"categories":[1],"tags":[],"acf":[],"_links":{"self":[{"href":"https:\/\/des-for.infd.edu.ar\/sitio\/wp-json\/wp\/v2\/posts\/2868"}],"collection":[{"href":"https:\/\/des-for.infd.edu.ar\/sitio\/wp-json\/wp\/v2\/posts"}],"about":[{"href":"https:\/\/des-for.infd.edu.ar\/sitio\/wp-json\/wp\/v2\/types\/post"}],"author":[{"embeddable":true,"href":"https:\/\/des-for.infd.edu.ar\/sitio\/wp-json\/wp\/v2\/users\/298"}],"replies":[{"embeddable":true,"href":"https:\/\/des-for.infd.edu.ar\/sitio\/wp-json\/wp\/v2\/comments?post=2868"}],"version-history":[{"count":3,"href":"https:\/\/des-for.infd.edu.ar\/sitio\/wp-json\/wp\/v2\/posts\/2868\/revisions"}],"predecessor-version":[{"id":2872,"href":"https:\/\/des-for.infd.edu.ar\/sitio\/wp-json\/wp\/v2\/posts\/2868\/revisions\/2872"}],"wp:featuredmedia":[{"embeddable":true,"href":"https:\/\/des-for.infd.edu.ar\/sitio\/wp-json\/wp\/v2\/media\/2869"}],"wp:attachment":[{"href":"https:\/\/des-for.infd.edu.ar\/sitio\/wp-json\/wp\/v2\/media?parent=2868"}],"wp:term":[{"taxonomy":"category","embeddable":true,"href":"https:\/\/des-for.infd.edu.ar\/sitio\/wp-json\/wp\/v2\/categories?post=2868"},{"taxonomy":"post_tag","embeddable":true,"href":"https:\/\/des-for.infd.edu.ar\/sitio\/wp-json\/wp\/v2\/tags?post=2868"}],"curies":[{"name":"wp","href":"https:\/\/api.w.org\/{rel}","templated":true}]}}