{"id":2863,"date":"2020-08-18T08:59:11","date_gmt":"2020-08-18T11:59:11","guid":{"rendered":"https:\/\/des-for.infd.edu.ar\/sitio\/?p=2863"},"modified":"2020-08-18T09:06:05","modified_gmt":"2020-08-18T12:06:05","slug":"isfdyt-manuel-belgrano","status":"publish","type":"post","link":"https:\/\/des-for.infd.edu.ar\/sitio\/isfdyt-manuel-belgrano\/","title":{"rendered":"ISFDyT Manuel Belgrano"},"content":{"rendered":"<h5 style=\"text-align: center;\"><strong>El 17 de Agosto del 2020\u00a0se cumplieron 170 a\u00f1os del paso a la inmortalidad del pr\u00f3cer m\u00e1ximo de la Patria.\u00a0El general Jos\u00e9 de San Mart\u00edn es el pr\u00f3cer m\u00e1ximo de nuestro pa\u00eds. Fue el libertador de Argentina, Chile y Per\u00fa. Falleci\u00f3 el 17 de agosto de 1850 en Boulogne-sur Mer, Francia y sus restos fueron repatriados a la Argentina el 29 de mayo de 1880. Desde ese momento descansan en la Capilla Nuestra Se\u00f1ora de la Paz, ubicada en la Catedral Metropolitana, custodiado permanentemente por dos granaderos.<\/strong><\/h5>\n<p><iframe loading=\"lazy\" width=\"1200\" height=\"900\" src=\"https:\/\/www.youtube.com\/embed\/XijiBMbHFos?feature=oembed\" frameborder=\"0\" allow=\"accelerometer; autoplay; encrypted-media; gyroscope; picture-in-picture\" allowfullscreen><\/iframe><\/p>\n<p>&nbsp;<\/p>\n","protected":false},"excerpt":{"rendered":"<p>El 17 de Agosto del 2020\u00a0se cumplieron 170 a\u00f1os del paso a la inmortalidad del pr\u00f3cer m\u00e1ximo de la Patria.\u00a0El general Jos\u00e9 de San Mart\u00edn es el pr\u00f3cer m\u00e1ximo de nuestro pa\u00eds. Fue el libertador de Argentina, Chile y Per\u00fa. Falleci\u00f3 el 17 de agosto de 1850 en Boulogne-sur Mer, Francia y sus restos fueron &#8230; <a title=\"ISFDyT Manuel Belgrano\" class=\"read-more\" href=\"https:\/\/des-for.infd.edu.ar\/sitio\/isfdyt-manuel-belgrano\/\" aria-label=\"More on ISFDyT Manuel Belgrano\">[+]<\/a><\/p>\n","protected":false},"author":298,"featured_media":2865,"comment_status":"open","ping_status":"open","sticky":false,"template":"","format":"standard","meta":[],"categories":[1],"tags":[],"acf":[],"_links":{"self":[{"href":"https:\/\/des-for.infd.edu.ar\/sitio\/wp-json\/wp\/v2\/posts\/2863"}],"collection":[{"href":"https:\/\/des-for.infd.edu.ar\/sitio\/wp-json\/wp\/v2\/posts"}],"about":[{"href":"https:\/\/des-for.infd.edu.ar\/sitio\/wp-json\/wp\/v2\/types\/post"}],"author":[{"embeddable":true,"href":"https:\/\/des-for.infd.edu.ar\/sitio\/wp-json\/wp\/v2\/users\/298"}],"replies":[{"embeddable":true,"href":"https:\/\/des-for.infd.edu.ar\/sitio\/wp-json\/wp\/v2\/comments?post=2863"}],"version-history":[{"count":2,"href":"https:\/\/des-for.infd.edu.ar\/sitio\/wp-json\/wp\/v2\/posts\/2863\/revisions"}],"predecessor-version":[{"id":2866,"href":"https:\/\/des-for.infd.edu.ar\/sitio\/wp-json\/wp\/v2\/posts\/2863\/revisions\/2866"}],"wp:featuredmedia":[{"embeddable":true,"href":"https:\/\/des-for.infd.edu.ar\/sitio\/wp-json\/wp\/v2\/media\/2865"}],"wp:attachment":[{"href":"https:\/\/des-for.infd.edu.ar\/sitio\/wp-json\/wp\/v2\/media?parent=2863"}],"wp:term":[{"taxonomy":"category","embeddable":true,"href":"https:\/\/des-for.infd.edu.ar\/sitio\/wp-json\/wp\/v2\/categories?post=2863"},{"taxonomy":"post_tag","embeddable":true,"href":"https:\/\/des-for.infd.edu.ar\/sitio\/wp-json\/wp\/v2\/tags?post=2863"}],"curies":[{"name":"wp","href":"https:\/\/api.w.org\/{rel}","templated":true}]}}