{"id":2858,"date":"2020-08-18T08:44:47","date_gmt":"2020-08-18T11:44:47","guid":{"rendered":"https:\/\/des-for.infd.edu.ar\/sitio\/?p=2858"},"modified":"2020-08-18T08:50:47","modified_gmt":"2020-08-18T11:50:47","slug":"2858-2","status":"publish","type":"post","link":"https:\/\/des-for.infd.edu.ar\/sitio\/2858-2\/","title":{"rendered":"Nivel primario de la Escuela Normal Superior \u00abRca del Paraguay\u00bb"},"content":{"rendered":"<p class=\"font_tertiary paragraph\">Su nombre completo es\u00a0<strong>Jos\u00e9 Francisco de San Mart\u00edn y Matorras<\/strong>\u00a0y naci\u00f3 el<strong>\u00a025 de febrero de 1778<\/strong>\u00a0en Yapey\u00fa, Corrientes, cuando la Argentina no exist\u00eda y el actual territorio nacional\u00a0pertenec\u00eda al Virreinato de R\u00edo de la Plata. El Nivel primario de la Escuela Normal Superior \u00abRca del Paraguay\u00bb realiz\u00f3 un video conmemorando la muerte de Jos\u00e9 de San Mart\u00edn.<\/p>\n<p><iframe loading=\"lazy\" width=\"1200\" height=\"900\" src=\"https:\/\/www.youtube.com\/embed\/MG4tbkm3M9k?feature=oembed\" frameborder=\"0\" allow=\"accelerometer; autoplay; encrypted-media; gyroscope; picture-in-picture\" allowfullscreen><\/iframe><\/p>\n<p>&nbsp;<\/p>\n<p class=\"font_tertiary paragraph\">\n","protected":false},"excerpt":{"rendered":"<p>Su nombre completo es\u00a0Jos\u00e9 Francisco de San Mart\u00edn y Matorras\u00a0y naci\u00f3 el\u00a025 de febrero de 1778\u00a0en Yapey\u00fa, Corrientes, cuando la Argentina no exist\u00eda y el actual territorio nacional\u00a0pertenec\u00eda al Virreinato de R\u00edo de la Plata. El Nivel primario de la Escuela Normal Superior \u00abRca del Paraguay\u00bb realiz\u00f3 un video conmemorando la muerte de Jos\u00e9 de &#8230; <a title=\"Nivel primario de la Escuela Normal Superior \u00abRca del Paraguay\u00bb\" class=\"read-more\" href=\"https:\/\/des-for.infd.edu.ar\/sitio\/2858-2\/\" aria-label=\"More on Nivel primario de la Escuela Normal Superior \u00abRca del Paraguay\u00bb\">[+]<\/a><\/p>\n","protected":false},"author":298,"featured_media":2859,"comment_status":"open","ping_status":"open","sticky":false,"template":"","format":"standard","meta":[],"categories":[1],"tags":[],"acf":[],"_links":{"self":[{"href":"https:\/\/des-for.infd.edu.ar\/sitio\/wp-json\/wp\/v2\/posts\/2858"}],"collection":[{"href":"https:\/\/des-for.infd.edu.ar\/sitio\/wp-json\/wp\/v2\/posts"}],"about":[{"href":"https:\/\/des-for.infd.edu.ar\/sitio\/wp-json\/wp\/v2\/types\/post"}],"author":[{"embeddable":true,"href":"https:\/\/des-for.infd.edu.ar\/sitio\/wp-json\/wp\/v2\/users\/298"}],"replies":[{"embeddable":true,"href":"https:\/\/des-for.infd.edu.ar\/sitio\/wp-json\/wp\/v2\/comments?post=2858"}],"version-history":[{"count":3,"href":"https:\/\/des-for.infd.edu.ar\/sitio\/wp-json\/wp\/v2\/posts\/2858\/revisions"}],"predecessor-version":[{"id":2862,"href":"https:\/\/des-for.infd.edu.ar\/sitio\/wp-json\/wp\/v2\/posts\/2858\/revisions\/2862"}],"wp:featuredmedia":[{"embeddable":true,"href":"https:\/\/des-for.infd.edu.ar\/sitio\/wp-json\/wp\/v2\/media\/2859"}],"wp:attachment":[{"href":"https:\/\/des-for.infd.edu.ar\/sitio\/wp-json\/wp\/v2\/media?parent=2858"}],"wp:term":[{"taxonomy":"category","embeddable":true,"href":"https:\/\/des-for.infd.edu.ar\/sitio\/wp-json\/wp\/v2\/categories?post=2858"},{"taxonomy":"post_tag","embeddable":true,"href":"https:\/\/des-for.infd.edu.ar\/sitio\/wp-json\/wp\/v2\/tags?post=2858"}],"curies":[{"name":"wp","href":"https:\/\/api.w.org\/{rel}","templated":true}]}}