{"id":2847,"date":"2020-08-11T11:43:59","date_gmt":"2020-08-11T14:43:59","guid":{"rendered":"https:\/\/des-for.infd.edu.ar\/sitio\/?p=2847"},"modified":"2020-08-11T16:35:38","modified_gmt":"2020-08-11T19:35:38","slug":"isfdyt-guemes","status":"publish","type":"post","link":"https:\/\/des-for.infd.edu.ar\/sitio\/isfdyt-guemes\/","title":{"rendered":"ISFDyT MAR\u00cdA ELBA GONZALEZ \u2013 GRAL. G\u00dcEMES"},"content":{"rendered":"<h5 style=\"text-align: center;\">El s\u00e1bado 8 de agosto\u00a0 egres\u00f3\u00a0 el\u00a0 primer Profesor de Educaci\u00f3n Secundaria en Agronom\u00eda, por medio de evaluaci\u00f3n virtual<\/h5>\n<h5 style=\"text-align: center;\">Felicitamos a Juan Daniel Ojeda oriundo de Misi\u00f3n Tacaagl\u00e9.<\/h5>\n<p style=\"text-align: center;\"><img decoding=\"async\" loading=\"lazy\" class=\"alignnone size-medium wp-image-2848\" src=\"https:\/\/des-for.infd.edu.ar\/sitio\/wp-content\/uploads\/2020\/08\/1-1000x669.jpg\" alt=\"\" width=\"1000\" height=\"669\" srcset=\"https:\/\/des-for.infd.edu.ar\/sitio\/wp-content\/uploads\/2020\/08\/1-1000x669.jpg 1000w, https:\/\/des-for.infd.edu.ar\/sitio\/wp-content\/uploads\/2020\/08\/1-768x514.jpg 768w, https:\/\/des-for.infd.edu.ar\/sitio\/wp-content\/uploads\/2020\/08\/1.jpg 1459w\" sizes=\"(max-width: 1000px) 100vw, 1000px\" \/><\/p>\n","protected":false},"excerpt":{"rendered":"<p>El s\u00e1bado 8 de agosto\u00a0 egres\u00f3\u00a0 el\u00a0 primer Profesor de Educaci\u00f3n Secundaria en Agronom\u00eda, por medio de evaluaci\u00f3n virtual Felicitamos a Juan Daniel Ojeda oriundo de Misi\u00f3n Tacaagl\u00e9.<\/p>\n","protected":false},"author":298,"featured_media":0,"comment_status":"open","ping_status":"open","sticky":false,"template":"","format":"standard","meta":[],"categories":[1],"tags":[],"acf":[],"_links":{"self":[{"href":"https:\/\/des-for.infd.edu.ar\/sitio\/wp-json\/wp\/v2\/posts\/2847"}],"collection":[{"href":"https:\/\/des-for.infd.edu.ar\/sitio\/wp-json\/wp\/v2\/posts"}],"about":[{"href":"https:\/\/des-for.infd.edu.ar\/sitio\/wp-json\/wp\/v2\/types\/post"}],"author":[{"embeddable":true,"href":"https:\/\/des-for.infd.edu.ar\/sitio\/wp-json\/wp\/v2\/users\/298"}],"replies":[{"embeddable":true,"href":"https:\/\/des-for.infd.edu.ar\/sitio\/wp-json\/wp\/v2\/comments?post=2847"}],"version-history":[{"count":3,"href":"https:\/\/des-for.infd.edu.ar\/sitio\/wp-json\/wp\/v2\/posts\/2847\/revisions"}],"predecessor-version":[{"id":2857,"href":"https:\/\/des-for.infd.edu.ar\/sitio\/wp-json\/wp\/v2\/posts\/2847\/revisions\/2857"}],"wp:attachment":[{"href":"https:\/\/des-for.infd.edu.ar\/sitio\/wp-json\/wp\/v2\/media?parent=2847"}],"wp:term":[{"taxonomy":"category","embeddable":true,"href":"https:\/\/des-for.infd.edu.ar\/sitio\/wp-json\/wp\/v2\/categories?post=2847"},{"taxonomy":"post_tag","embeddable":true,"href":"https:\/\/des-for.infd.edu.ar\/sitio\/wp-json\/wp\/v2\/tags?post=2847"}],"curies":[{"name":"wp","href":"https:\/\/api.w.org\/{rel}","templated":true}]}}