{"id":2836,"date":"2020-07-13T22:24:07","date_gmt":"2020-07-14T01:24:07","guid":{"rendered":"https:\/\/des-for.infd.edu.ar\/sitio\/?p=2836"},"modified":"2020-07-13T22:24:07","modified_gmt":"2020-07-14T01:24:07","slug":"equipos-participantes-equipos-institucionales-del-campo-de-la-practica-profesionalizante-y-equipo-tecnico-de-la-formacion-tecnica-de-la-des","status":"publish","type":"post","link":"https:\/\/des-for.infd.edu.ar\/sitio\/equipos-participantes-equipos-institucionales-del-campo-de-la-practica-profesionalizante-y-equipo-tecnico-de-la-formacion-tecnica-de-la-des\/","title":{"rendered":"Equipos  participantes: Equipos Institucionales  del Campo de la Pr\u00e1ctica Profesionalizante y Equipo T\u00e9cnico de la Formaci\u00f3n T\u00e9cnica de la  DES"},"content":{"rendered":"<p><iframe loading=\"lazy\" width=\"1200\" height=\"675\" src=\"https:\/\/www.youtube.com\/embed\/BmO6_-xrhhQ?feature=oembed\" frameborder=\"0\" allow=\"accelerometer; autoplay; encrypted-media; gyroscope; picture-in-picture\" allowfullscreen><\/iframe><\/p>\n<p>&nbsp;<\/p>\n<p><strong>Prop\u00f3sitos:\u00a0\u00a0\u00a0\u00a0\u00a0\u00a0\u00a0\u00a0<\/strong><\/p>\n<ul>\n<li><em>Generar un espacio de socializaci\u00f3n del documento \u201cLas Pr\u00e1cticas profesionalizante en Tiempos de Pandemia entre el Equipo de T\u00e9cnico de la Formaci\u00f3n T\u00e9cnica y los equipos institucionales del Campo de la Pr\u00e1ctica Profesionalizante.<\/em><\/li>\n<li><em>Ofrecer ideas y herramientas para acompa\u00f1ar a los estudiantes en sus pr\u00e1cticas en tiempo de Aislamiento.<\/em><\/li>\n<li><em>Intercambiar experiencias sobre pr\u00e1cticas profesionalizantes en tiempos de pandemia por familia de carreras<\/em><\/li>\n<\/ul>\n<p><strong>Tema a Trabajar<\/strong><\/p>\n<ul>\n<li>\u201cEl Desarrollo de las Pr\u00e1cticas Profesionalizantes en Tiempo de Pandemia\u201d<\/li>\n<\/ul>\n<p><strong>Modalidad de Trabajo<\/strong><\/p>\n<ul>\n<li>Virtual de aproximadamente dos horas de duraci\u00f3n en l\u00ednea V\u00eda JITSI MEET.<\/li>\n<li>Reflexi\u00f3n sobre el Trabajo que realizan las instituciones en el Campo de las Pr\u00e1cticas.<\/li>\n<li>Recepci\u00f3n de planteos, interrogantes, dudas de los equipos institucionales.<\/li>\n<li>\n<table width=\"669\">\n<tbody>\n<tr>\n<td width=\"158\"><strong>Familia de Carrera<\/strong><\/td>\n<td width=\"217\"><strong>Carreras<\/strong><\/td>\n<td width=\"198\"><strong>Institutos<\/strong><\/td>\n<td width=\"95\"><strong>Fecha Estimada<\/strong><\/td>\n<\/tr>\n<tr>\n<td rowspan=\"4\" width=\"158\"><strong>\u00a0<\/strong><\/p>\n<p><strong>\u00a0<\/strong><\/p>\n<p><strong>\u00a0<\/strong><\/p>\n<p><strong>Productivas Primarias, agregado de valor y recursos<\/strong><\/td>\n<td width=\"217\"><strong>\u00a0<\/strong><\/p>\n<p><strong>\u00a0<\/strong><\/p>\n<p><strong>&#8211;<\/strong>Tecnicatura Superior en Producci\u00f3n Agropecuaria.<\/td>\n<td width=\"198\">ISFDyT Fontana.<\/p>\n<p>ISFDyT Ibarreta, ISFDyT Piran\u00e9, ISFDyT El Espinillo, ISFDyT Laguna Naick Neck.<\/p>\n<p>ISFDyT San Mart\u00edn II.<\/p>\n<p>Anexo de\u00a0 Laguna Yema<\/td>\n<td width=\"95\"><strong>\u00a0<\/strong><\/p>\n<p><strong>08\/07-9hs<\/strong><\/td>\n<\/tr>\n<tr>\n<td width=\"217\">&#8211; Tecnicatura Superior en Producci\u00f3n Agropecuaria con Orientaci\u00f3n en Producci\u00f3n Animal.<\/td>\n<td width=\"198\">ISFDyTIB El Potrillo.<\/p>\n<p>ISFDyT San Mart\u00edn II.<\/p>\n<p>ISFDyT General G\u00fcemes.<\/p>\n<p>ISFDyT Villafa\u00f1e.<\/p>\n<p>ISFDyT Ingeniero Ju\u00e1rez.<\/p>\n<p>Anexos de\u00a0 Laguna Yema<\/td>\n<td width=\"95\"><strong>\u00a0<\/strong><\/p>\n<p><strong>07\/07-9hs<\/strong><\/td>\n<\/tr>\n<tr>\n<td width=\"217\">-Tecnicatura Superior en Producci\u00f3n e Industrializaci\u00f3n Frutihorticola.<\/p>\n<p>&#8211; Tecnicatura Superior en Producci\u00f3n Agropecuaria con Orientaci\u00f3n en Cucurbit\u00e1ceas.<\/td>\n<td width=\"198\">ISFDyT General G\u00fcemes.<\/p>\n<p>ISFDyT General Belgrano y su Anexo Misi\u00f3n Tacaagl\u00e9.<\/p>\n<p>ISFDyT Las Lomitas y\u00a0 Anexos de\u00a0 Laguna Yema y\u00a0 Pozo del Tigre.<\/td>\n<td width=\"95\"><strong>\u00a0<\/strong><\/p>\n<p><strong>6\/07-9hs<\/strong><\/td>\n<\/tr>\n<tr>\n<td width=\"217\">&#8211; Tecnicatura Superior en Tecnolog\u00eda de los Alimentos.<\/td>\n<td width=\"198\">ISFDyT Villafa\u00f1e.<\/p>\n<p>ISFDyT El Colorado.<\/p>\n<p>ISFDyT Laguna Naick Neck.<\/td>\n<td width=\"95\"><strong>08\/07-19hs<\/strong><\/td>\n<\/tr>\n<tr>\n<td width=\"158\"><strong>\u00a0<\/strong><\/p>\n<p><strong>Carreras Inform\u00e1ticas y Carreras de Servicios <\/strong><\/td>\n<td width=\"217\"><strong>&#8211;<\/strong>Tecnicatura Superior en Administraci\u00f3n de Sistemas y Redes.<\/p>\n<p>&#8211; Tecnicatura Superior en Desarrollador de Software.<\/p>\n<p>&#8211; Tecnicatura Superior en Administraci\u00f3n de Empresas con Orientaci\u00f3n en PyMES.<\/td>\n<td width=\"198\">&nbsp;<\/p>\n<p>&nbsp;<\/p>\n<p>ISFDyT Villafa\u00f1e.<\/p>\n<p>ISFDyT El Colorado.<\/p>\n<p>ISFDyT Clorinda.<\/p>\n<p>ISFDyT Misi\u00f3n Laish\u00ed Anexo Mansilla<\/p>\n<p>ISFDyT Laguna Blanca<\/td>\n<td width=\"95\"><strong>\u00a0<\/strong><\/p>\n<p><strong>\u00a0<\/strong><\/p>\n<p><strong>\u00a0<\/strong><\/p>\n<p><strong>6\/07-19hs<\/strong><\/td>\n<\/tr>\n<tr>\n<td width=\"158\"><strong>\u00a0<\/strong><\/p>\n<p><strong>\u00a0<\/strong><\/p>\n<p><strong>Sociohuman\u00edsticas (Comunicacional) y \u00a0Carrera de la Salud<\/strong><\/td>\n<td width=\"217\">-Tecnicatura Superior en Econom\u00eda Social y Desarrollo Local.<\/p>\n<p>-Tecnicatura Superior en Comunicaci\u00f3n Social.<\/p>\n<p>-Tecnicatura Superior en Dise\u00f1o de Comunicaci\u00f3n Visual<\/p>\n<p>&#8211; Tecnicatura Superior en M\u00fasico Social.<\/p>\n<p>&#8211; Locutor Nacional<\/p>\n<p>&#8211; Productor y Director para\u00a0 Radio y Televisi\u00f3n.<\/p>\n<p>-Operador de Planta Transmisora.<\/p>\n<p>-Tecnicatura Superior en Agente Primario de la Salud<\/p>\n<p>-Tecnicatura Superior en Bibliotecolog\u00eda<\/td>\n<td width=\"198\">&nbsp;<\/p>\n<p>&nbsp;<\/p>\n<p>ISFDyT Riacho He H\u00e9<\/p>\n<p>ISFDyT Ingeniero Ju\u00e1rez<\/p>\n<p>ISA \u201cOscar A. Albertazzi\u201d<\/p>\n<p>ISPAF<\/p>\n<p>ISFDyT Clorinda.<\/p>\n<p>ISFDyTIB El Chorro<\/p>\n<p>Anexo Palo Santo<\/p>\n<p>ISFDyT Nivel Inicial<\/p>\n<p>&nbsp;<\/p>\n<p>&nbsp;<\/p>\n<p>&nbsp;<\/p>\n<p>&nbsp;<\/td>\n<td width=\"95\"><strong>\u00a0<\/strong><\/p>\n<p><strong>\u00a0<\/strong><\/p>\n<p><strong>\u00a0<\/strong><\/p>\n<p><strong>07\/07-17hs<\/strong><\/td>\n<\/tr>\n<\/tbody>\n<\/table>\n<\/li>\n<\/ul>\n<p>&nbsp;<\/p>\n<p>&nbsp;<\/p>\n","protected":false},"excerpt":{"rendered":"<p>&nbsp; Prop\u00f3sitos:\u00a0\u00a0\u00a0\u00a0\u00a0\u00a0\u00a0\u00a0 Generar un espacio de socializaci\u00f3n del documento \u201cLas Pr\u00e1cticas profesionalizante en Tiempos de Pandemia entre el Equipo de T\u00e9cnico de la Formaci\u00f3n T\u00e9cnica y los equipos institucionales del Campo de la Pr\u00e1ctica Profesionalizante. Ofrecer ideas y herramientas para acompa\u00f1ar a los estudiantes en sus pr\u00e1cticas en tiempo de Aislamiento. Intercambiar experiencias sobre pr\u00e1cticas &#8230; <a title=\"Equipos  participantes: Equipos Institucionales  del Campo de la Pr\u00e1ctica Profesionalizante y Equipo T\u00e9cnico de la Formaci\u00f3n T\u00e9cnica de la  DES\" class=\"read-more\" href=\"https:\/\/des-for.infd.edu.ar\/sitio\/equipos-participantes-equipos-institucionales-del-campo-de-la-practica-profesionalizante-y-equipo-tecnico-de-la-formacion-tecnica-de-la-des\/\" aria-label=\"More on Equipos  participantes: Equipos Institucionales  del Campo de la Pr\u00e1ctica Profesionalizante y Equipo T\u00e9cnico de la Formaci\u00f3n T\u00e9cnica de la  DES\">[+]<\/a><\/p>\n","protected":false},"author":298,"featured_media":0,"comment_status":"open","ping_status":"open","sticky":false,"template":"","format":"standard","meta":[],"categories":[1],"tags":[],"acf":[],"_links":{"self":[{"href":"https:\/\/des-for.infd.edu.ar\/sitio\/wp-json\/wp\/v2\/posts\/2836"}],"collection":[{"href":"https:\/\/des-for.infd.edu.ar\/sitio\/wp-json\/wp\/v2\/posts"}],"about":[{"href":"https:\/\/des-for.infd.edu.ar\/sitio\/wp-json\/wp\/v2\/types\/post"}],"author":[{"embeddable":true,"href":"https:\/\/des-for.infd.edu.ar\/sitio\/wp-json\/wp\/v2\/users\/298"}],"replies":[{"embeddable":true,"href":"https:\/\/des-for.infd.edu.ar\/sitio\/wp-json\/wp\/v2\/comments?post=2836"}],"version-history":[{"count":1,"href":"https:\/\/des-for.infd.edu.ar\/sitio\/wp-json\/wp\/v2\/posts\/2836\/revisions"}],"predecessor-version":[{"id":2837,"href":"https:\/\/des-for.infd.edu.ar\/sitio\/wp-json\/wp\/v2\/posts\/2836\/revisions\/2837"}],"wp:attachment":[{"href":"https:\/\/des-for.infd.edu.ar\/sitio\/wp-json\/wp\/v2\/media?parent=2836"}],"wp:term":[{"taxonomy":"category","embeddable":true,"href":"https:\/\/des-for.infd.edu.ar\/sitio\/wp-json\/wp\/v2\/categories?post=2836"},{"taxonomy":"post_tag","embeddable":true,"href":"https:\/\/des-for.infd.edu.ar\/sitio\/wp-json\/wp\/v2\/tags?post=2836"}],"curies":[{"name":"wp","href":"https:\/\/api.w.org\/{rel}","templated":true}]}}