{"id":2800,"date":"2020-07-09T01:23:00","date_gmt":"2020-07-09T04:23:00","guid":{"rendered":"https:\/\/des-for.infd.edu.ar\/sitio\/?p=2800"},"modified":"2020-07-09T01:25:25","modified_gmt":"2020-07-09T04:25:25","slug":"instituto-de-arte-oscar-alberto-albertazzi","status":"publish","type":"post","link":"https:\/\/des-for.infd.edu.ar\/sitio\/instituto-de-arte-oscar-alberto-albertazzi\/","title":{"rendered":"Instituto de Arte Oscar Alberto Albertazzi"},"content":{"rendered":"<h4 style=\"text-align: center;\">En conmemoraci\u00f3n por el d\u00eda de la independencia argentina, el instituto de arte Oscar Alberto Albertazzi comparte producciones art\u00edsticas del profesorado de m\u00fasica. \u00a0\u00a0PERIC\u00d3N NACIONAL<\/h4>\n<p><iframe loading=\"lazy\" width=\"1200\" height=\"675\" src=\"https:\/\/www.youtube.com\/embed\/v45jkRK_BaE?feature=oembed\" frameborder=\"0\" allow=\"accelerometer; autoplay; encrypted-media; gyroscope; picture-in-picture\" allowfullscreen><\/iframe><\/p>\n<p>&nbsp;<\/p>\n<p>&nbsp;<\/p>\n","protected":false},"excerpt":{"rendered":"<p>En conmemoraci\u00f3n por el d\u00eda de la independencia argentina, el instituto de arte Oscar Alberto Albertazzi comparte producciones art\u00edsticas del profesorado de m\u00fasica. \u00a0\u00a0PERIC\u00d3N NACIONAL &nbsp; &nbsp;<\/p>\n","protected":false},"author":298,"featured_media":2801,"comment_status":"open","ping_status":"open","sticky":false,"template":"","format":"standard","meta":[],"categories":[1],"tags":[],"acf":[],"_links":{"self":[{"href":"https:\/\/des-for.infd.edu.ar\/sitio\/wp-json\/wp\/v2\/posts\/2800"}],"collection":[{"href":"https:\/\/des-for.infd.edu.ar\/sitio\/wp-json\/wp\/v2\/posts"}],"about":[{"href":"https:\/\/des-for.infd.edu.ar\/sitio\/wp-json\/wp\/v2\/types\/post"}],"author":[{"embeddable":true,"href":"https:\/\/des-for.infd.edu.ar\/sitio\/wp-json\/wp\/v2\/users\/298"}],"replies":[{"embeddable":true,"href":"https:\/\/des-for.infd.edu.ar\/sitio\/wp-json\/wp\/v2\/comments?post=2800"}],"version-history":[{"count":1,"href":"https:\/\/des-for.infd.edu.ar\/sitio\/wp-json\/wp\/v2\/posts\/2800\/revisions"}],"predecessor-version":[{"id":2802,"href":"https:\/\/des-for.infd.edu.ar\/sitio\/wp-json\/wp\/v2\/posts\/2800\/revisions\/2802"}],"wp:featuredmedia":[{"embeddable":true,"href":"https:\/\/des-for.infd.edu.ar\/sitio\/wp-json\/wp\/v2\/media\/2801"}],"wp:attachment":[{"href":"https:\/\/des-for.infd.edu.ar\/sitio\/wp-json\/wp\/v2\/media?parent=2800"}],"wp:term":[{"taxonomy":"category","embeddable":true,"href":"https:\/\/des-for.infd.edu.ar\/sitio\/wp-json\/wp\/v2\/categories?post=2800"},{"taxonomy":"post_tag","embeddable":true,"href":"https:\/\/des-for.infd.edu.ar\/sitio\/wp-json\/wp\/v2\/tags?post=2800"}],"curies":[{"name":"wp","href":"https:\/\/api.w.org\/{rel}","templated":true}]}}