{"id":2794,"date":"2020-07-09T00:14:21","date_gmt":"2020-07-09T03:14:21","guid":{"rendered":"https:\/\/des-for.infd.edu.ar\/sitio\/?p=2794"},"modified":"2020-07-09T00:19:14","modified_gmt":"2020-07-09T03:19:14","slug":"instituto-de-formacion-docente-felix-a-cabrera-2","status":"publish","type":"post","link":"https:\/\/des-for.infd.edu.ar\/sitio\/instituto-de-formacion-docente-felix-a-cabrera-2\/","title":{"rendered":"Instituto de Formaci\u00f3n Docente F\u00e9lix A. Cabrera"},"content":{"rendered":"<h4 style=\"text-align: center;\">Acto por la celebraci\u00f3n de la declaraci\u00f3n de la independencia argentina.<\/h4>\n<h5 style=\"text-align: center;\">Realizado por el 5to a\u00f1o del profesorado en Ciencia de la Educaci\u00f3n, en el espacio de\u00a0 pr\u00e1ctica 5 y residencia 2\u00a0 y la coordinaci\u00f3n de la profesora con Patricia Villaba<\/h5>\n<p><iframe loading=\"lazy\" width=\"1200\" height=\"900\" src=\"https:\/\/www.youtube.com\/embed\/Hs7Yoia4JGM?feature=oembed\" frameborder=\"0\" allow=\"accelerometer; autoplay; encrypted-media; gyroscope; picture-in-picture\" allowfullscreen><\/iframe><\/p>\n","protected":false},"excerpt":{"rendered":"<p>Acto por la celebraci\u00f3n de la declaraci\u00f3n de la independencia argentina. Realizado por el 5to a\u00f1o del profesorado en Ciencia de la Educaci\u00f3n, en el espacio de\u00a0 pr\u00e1ctica 5 y residencia 2\u00a0 y la coordinaci\u00f3n de la profesora con Patricia Villaba<\/p>\n","protected":false},"author":298,"featured_media":2795,"comment_status":"open","ping_status":"open","sticky":false,"template":"","format":"standard","meta":[],"categories":[1],"tags":[],"acf":[],"_links":{"self":[{"href":"https:\/\/des-for.infd.edu.ar\/sitio\/wp-json\/wp\/v2\/posts\/2794"}],"collection":[{"href":"https:\/\/des-for.infd.edu.ar\/sitio\/wp-json\/wp\/v2\/posts"}],"about":[{"href":"https:\/\/des-for.infd.edu.ar\/sitio\/wp-json\/wp\/v2\/types\/post"}],"author":[{"embeddable":true,"href":"https:\/\/des-for.infd.edu.ar\/sitio\/wp-json\/wp\/v2\/users\/298"}],"replies":[{"embeddable":true,"href":"https:\/\/des-for.infd.edu.ar\/sitio\/wp-json\/wp\/v2\/comments?post=2794"}],"version-history":[{"count":4,"href":"https:\/\/des-for.infd.edu.ar\/sitio\/wp-json\/wp\/v2\/posts\/2794\/revisions"}],"predecessor-version":[{"id":2799,"href":"https:\/\/des-for.infd.edu.ar\/sitio\/wp-json\/wp\/v2\/posts\/2794\/revisions\/2799"}],"wp:featuredmedia":[{"embeddable":true,"href":"https:\/\/des-for.infd.edu.ar\/sitio\/wp-json\/wp\/v2\/media\/2795"}],"wp:attachment":[{"href":"https:\/\/des-for.infd.edu.ar\/sitio\/wp-json\/wp\/v2\/media?parent=2794"}],"wp:term":[{"taxonomy":"category","embeddable":true,"href":"https:\/\/des-for.infd.edu.ar\/sitio\/wp-json\/wp\/v2\/categories?post=2794"},{"taxonomy":"post_tag","embeddable":true,"href":"https:\/\/des-for.infd.edu.ar\/sitio\/wp-json\/wp\/v2\/tags?post=2794"}],"curies":[{"name":"wp","href":"https:\/\/api.w.org\/{rel}","templated":true}]}}