{"id":2788,"date":"2020-07-08T23:56:44","date_gmt":"2020-07-09T02:56:44","guid":{"rendered":"https:\/\/des-for.infd.edu.ar\/sitio\/?p=2788"},"modified":"2020-07-09T14:34:38","modified_gmt":"2020-07-09T17:34:38","slug":"isfdyt-laishi-extension-aulica-herradura-3","status":"publish","type":"post","link":"https:\/\/des-for.infd.edu.ar\/sitio\/isfdyt-laishi-extension-aulica-herradura-3\/","title":{"rendered":"ISFDyT Laishi Extensi\u00f3n aulica Herradura"},"content":{"rendered":"<h4>El profesorado de Nivel Inicial de la localidad de Herradura en el espacio curricular de pr\u00e1cticas a cargo de la profesora Mar\u00eda Cerd\u00e1n, realizaron trabajos audiovisuales recordando el d\u00eda de la declaraci\u00f3n de la independencia Argentina.<\/h4>\n<p><iframe loading=\"lazy\" width=\"1200\" height=\"675\" src=\"https:\/\/www.youtube.com\/embed\/Xowp4t98g60?feature=oembed\" frameborder=\"0\" allow=\"accelerometer; autoplay; encrypted-media; gyroscope; picture-in-picture\" allowfullscreen><\/iframe><\/p>\n<p><iframe loading=\"lazy\" width=\"1200\" height=\"900\" src=\"https:\/\/www.youtube.com\/embed\/rtslMOXxHeY?feature=oembed\" frameborder=\"0\" allow=\"accelerometer; autoplay; encrypted-media; gyroscope; picture-in-picture\" allowfullscreen><\/iframe><\/p>\n<p><iframe loading=\"lazy\" width=\"1200\" height=\"900\" src=\"https:\/\/www.youtube.com\/embed\/lX9fd-ZvaMI?feature=oembed\" frameborder=\"0\" allow=\"accelerometer; autoplay; encrypted-media; gyroscope; picture-in-picture\" allowfullscreen><\/iframe><\/p>\n<p><iframe loading=\"lazy\" width=\"1200\" height=\"900\" src=\"https:\/\/www.youtube.com\/embed\/tEtwrZBm6ZU?feature=oembed\" frameborder=\"0\" allow=\"accelerometer; autoplay; encrypted-media; gyroscope; picture-in-picture\" allowfullscreen><\/iframe><\/p>\n<p><iframe loading=\"lazy\" width=\"1200\" height=\"675\" src=\"https:\/\/www.youtube.com\/embed\/OMeKU6RwmP0?feature=oembed\" frameborder=\"0\" allow=\"accelerometer; autoplay; encrypted-media; gyroscope; picture-in-picture\" allowfullscreen><\/iframe><\/p>\n<p><iframe loading=\"lazy\" width=\"1200\" height=\"675\" src=\"https:\/\/www.youtube.com\/embed\/guBMEZtsIvc?feature=oembed\" frameborder=\"0\" allow=\"accelerometer; autoplay; encrypted-media; gyroscope; picture-in-picture\" allowfullscreen><\/iframe><\/p>\n<p><iframe loading=\"lazy\" width=\"1200\" height=\"675\" src=\"https:\/\/www.youtube.com\/embed\/0qCJBttkaT8?feature=oembed\" frameborder=\"0\" allow=\"accelerometer; autoplay; encrypted-media; gyroscope; picture-in-picture\" allowfullscreen><\/iframe><\/p>\n","protected":false},"excerpt":{"rendered":"<p>El profesorado de Nivel Inicial de la localidad de Herradura en el espacio curricular de pr\u00e1cticas a cargo de la profesora Mar\u00eda Cerd\u00e1n, realizaron trabajos audiovisuales recordando el d\u00eda de la declaraci\u00f3n de la independencia Argentina.<\/p>\n","protected":false},"author":298,"featured_media":2793,"comment_status":"open","ping_status":"open","sticky":false,"template":"","format":"standard","meta":[],"categories":[1],"tags":[],"acf":[],"_links":{"self":[{"href":"https:\/\/des-for.infd.edu.ar\/sitio\/wp-json\/wp\/v2\/posts\/2788"}],"collection":[{"href":"https:\/\/des-for.infd.edu.ar\/sitio\/wp-json\/wp\/v2\/posts"}],"about":[{"href":"https:\/\/des-for.infd.edu.ar\/sitio\/wp-json\/wp\/v2\/types\/post"}],"author":[{"embeddable":true,"href":"https:\/\/des-for.infd.edu.ar\/sitio\/wp-json\/wp\/v2\/users\/298"}],"replies":[{"embeddable":true,"href":"https:\/\/des-for.infd.edu.ar\/sitio\/wp-json\/wp\/v2\/comments?post=2788"}],"version-history":[{"count":5,"href":"https:\/\/des-for.infd.edu.ar\/sitio\/wp-json\/wp\/v2\/posts\/2788\/revisions"}],"predecessor-version":[{"id":2832,"href":"https:\/\/des-for.infd.edu.ar\/sitio\/wp-json\/wp\/v2\/posts\/2788\/revisions\/2832"}],"wp:featuredmedia":[{"embeddable":true,"href":"https:\/\/des-for.infd.edu.ar\/sitio\/wp-json\/wp\/v2\/media\/2793"}],"wp:attachment":[{"href":"https:\/\/des-for.infd.edu.ar\/sitio\/wp-json\/wp\/v2\/media?parent=2788"}],"wp:term":[{"taxonomy":"category","embeddable":true,"href":"https:\/\/des-for.infd.edu.ar\/sitio\/wp-json\/wp\/v2\/categories?post=2788"},{"taxonomy":"post_tag","embeddable":true,"href":"https:\/\/des-for.infd.edu.ar\/sitio\/wp-json\/wp\/v2\/tags?post=2788"}],"curies":[{"name":"wp","href":"https:\/\/api.w.org\/{rel}","templated":true}]}}