{"id":2785,"date":"2020-07-08T20:09:12","date_gmt":"2020-07-08T23:09:12","guid":{"rendered":"https:\/\/des-for.infd.edu.ar\/sitio\/?p=2785"},"modified":"2020-07-09T10:25:51","modified_gmt":"2020-07-09T13:25:51","slug":"acto-del-9-de-julio-isfdyt-maestra-maria-elaba-gonzalez-de-villa-general-guemes","status":"publish","type":"post","link":"https:\/\/des-for.infd.edu.ar\/sitio\/acto-del-9-de-julio-isfdyt-maestra-maria-elaba-gonzalez-de-villa-general-guemes\/","title":{"rendered":"Acto del 9 de julio &#8211; ISFDyT  Maestra Mar\u00eda Elaba Gonz\u00e1lez de Villa General G\u00fcemes"},"content":{"rendered":"<p>La Declaraci\u00f3n de Independencia de la Argentina fue una decisi\u00f3n tomada el martes\u00a0<b>9 de julio<\/b>\u00a0de 1816 por el Congreso de Tucum\u00e1n, por la cual declar\u00f3 la formal ruptura de los v\u00ednculos de dependencia pol\u00edtica de las Provincias Unidas del R\u00edo de la Plata con la monarqu\u00eda espa\u00f1ola.<\/p>\n<p><iframe loading=\"lazy\" width=\"1200\" height=\"675\" src=\"https:\/\/www.youtube.com\/embed\/h-DaJsKuGb4?feature=oembed\" frameborder=\"0\" allow=\"accelerometer; autoplay; encrypted-media; gyroscope; picture-in-picture\" allowfullscreen><\/iframe><\/p>\n<div id=\"fb-root\"><\/div>\n<p><script async=\"1\" defer=\"1\" crossorigin=\"anonymous\" src=\"https:\/\/connect.facebook.net\/en_US\/sdk.js#xfbml=1&amp;version=v7.0\" nonce=\"8NTGpSgl\"><\/script><\/p>\n<div class=\"fb-video\" data-href=\"https:\/\/www.facebook.com\/dario.pacheco.739\/videos\/10217763613937177\/\" data-width=\"1200\">\n<blockquote cite=\"https:\/\/www.facebook.com\/dario.pacheco.739\/videos\/10217763613937177\/\" class=\"fb-xfbml-parse-ignore\"><p><a href=\"https:\/\/www.facebook.com\/dario.pacheco.739\/videos\/10217763613937177\/\"><\/a><\/p>\n<p>Homenaje de los estudiantes del ISFDCYT MTRA MARIA ELBA GONZ\u00c1LEZ de Villa General G\u00fcemes, a los 204 a\u00f1os de la Independencia Argentina.<\/p>\n<p>Posted by <a href=\"https:\/\/www.facebook.com\/dario.pacheco.739\">Dario Pacheco<\/a> on Wednesday, July 8, 2020<\/p><\/blockquote>\n<\/div>\n","protected":false},"excerpt":{"rendered":"<p>La Declaraci\u00f3n de Independencia de la Argentina fue una decisi\u00f3n tomada el martes\u00a09 de julio\u00a0de 1816 por el Congreso de Tucum\u00e1n, por la cual declar\u00f3 la formal ruptura de los v\u00ednculos de dependencia pol\u00edtica de las Provincias Unidas del R\u00edo de la Plata con la monarqu\u00eda espa\u00f1ola.<\/p>\n","protected":false},"author":298,"featured_media":2786,"comment_status":"open","ping_status":"open","sticky":false,"template":"","format":"standard","meta":[],"categories":[1],"tags":[],"acf":[],"_links":{"self":[{"href":"https:\/\/des-for.infd.edu.ar\/sitio\/wp-json\/wp\/v2\/posts\/2785"}],"collection":[{"href":"https:\/\/des-for.infd.edu.ar\/sitio\/wp-json\/wp\/v2\/posts"}],"about":[{"href":"https:\/\/des-for.infd.edu.ar\/sitio\/wp-json\/wp\/v2\/types\/post"}],"author":[{"embeddable":true,"href":"https:\/\/des-for.infd.edu.ar\/sitio\/wp-json\/wp\/v2\/users\/298"}],"replies":[{"embeddable":true,"href":"https:\/\/des-for.infd.edu.ar\/sitio\/wp-json\/wp\/v2\/comments?post=2785"}],"version-history":[{"count":2,"href":"https:\/\/des-for.infd.edu.ar\/sitio\/wp-json\/wp\/v2\/posts\/2785\/revisions"}],"predecessor-version":[{"id":2819,"href":"https:\/\/des-for.infd.edu.ar\/sitio\/wp-json\/wp\/v2\/posts\/2785\/revisions\/2819"}],"wp:featuredmedia":[{"embeddable":true,"href":"https:\/\/des-for.infd.edu.ar\/sitio\/wp-json\/wp\/v2\/media\/2786"}],"wp:attachment":[{"href":"https:\/\/des-for.infd.edu.ar\/sitio\/wp-json\/wp\/v2\/media?parent=2785"}],"wp:term":[{"taxonomy":"category","embeddable":true,"href":"https:\/\/des-for.infd.edu.ar\/sitio\/wp-json\/wp\/v2\/categories?post=2785"},{"taxonomy":"post_tag","embeddable":true,"href":"https:\/\/des-for.infd.edu.ar\/sitio\/wp-json\/wp\/v2\/tags?post=2785"}],"curies":[{"name":"wp","href":"https:\/\/api.w.org\/{rel}","templated":true}]}}