{"id":2778,"date":"2020-07-08T19:46:45","date_gmt":"2020-07-08T22:46:45","guid":{"rendered":"https:\/\/des-for.infd.edu.ar\/sitio\/?p=2778"},"modified":"2020-07-08T19:56:54","modified_gmt":"2020-07-08T22:56:54","slug":"isfdyt-laishi-extension-aulica-mansilla-2","status":"publish","type":"post","link":"https:\/\/des-for.infd.edu.ar\/sitio\/isfdyt-laishi-extension-aulica-mansilla-2\/","title":{"rendered":"ISFDyT Laishi Extensi\u00f3n aulica Mansilla."},"content":{"rendered":"<h1 class=\"title style-scope ytd-video-primary-info-renderer\" style=\"text-align: center;\">D\u00eda de la Independencia 9 de julio 1816-2020. ISFD y T E.A Mansilla.<\/h1>\n<p>&nbsp;<\/p>\n<p><iframe loading=\"lazy\" width=\"1200\" height=\"675\" src=\"https:\/\/www.youtube.com\/embed\/uioO8-DAxCU?feature=oembed\" frameborder=\"0\" allow=\"accelerometer; autoplay; encrypted-media; gyroscope; picture-in-picture\" allowfullscreen><\/iframe><\/p>\n<p><iframe loading=\"lazy\" width=\"1200\" height=\"900\" src=\"https:\/\/www.youtube.com\/embed\/nA0jVdQThk0?feature=oembed\" frameborder=\"0\" allow=\"accelerometer; autoplay; encrypted-media; gyroscope; picture-in-picture\" allowfullscreen><\/iframe><\/p>\n<p><iframe loading=\"lazy\" width=\"1200\" height=\"900\" src=\"https:\/\/www.youtube.com\/embed\/rAiGwZBezmU?feature=oembed\" frameborder=\"0\" allow=\"accelerometer; autoplay; encrypted-media; gyroscope; picture-in-picture\" allowfullscreen><\/iframe><\/p>\n<p>&nbsp;<\/p>\n<p><iframe loading=\"lazy\" width=\"1200\" height=\"675\" src=\"https:\/\/www.youtube.com\/embed\/hEp7h7BgZNY?feature=oembed\" frameborder=\"0\" allow=\"accelerometer; autoplay; encrypted-media; gyroscope; picture-in-picture\" allowfullscreen><\/iframe><\/p>\n<h5 style=\"text-align: center;\">Trabajo audiovisual con Primer A\u00f1o del Profesorado en Educaci\u00f3n Inicial<\/h5>\n<h5 style=\"text-align: center;\">\u00a0Profesores Coronel Vanesa y Epifanio Cardozo.<\/h5>\n<p><iframe loading=\"lazy\" width=\"1200\" height=\"675\" src=\"https:\/\/www.youtube.com\/embed\/B7xgwPXhA7o?feature=oembed\" frameborder=\"0\" allow=\"accelerometer; autoplay; encrypted-media; gyroscope; picture-in-picture\" allowfullscreen><\/iframe><\/p>\n<p>&nbsp;<\/p>\n<h5 style=\"text-align: center;\">Estudiantes del Segundo A\u00f1o. Profesorado en Educaci\u00f3n Inicial. Extensi\u00f3n Aulica Mansilla.<\/h5>\n<p><iframe loading=\"lazy\" width=\"1200\" height=\"900\" src=\"https:\/\/www.youtube.com\/embed\/F7DkBqU-tP4?feature=oembed\" frameborder=\"0\" allow=\"accelerometer; autoplay; encrypted-media; gyroscope; picture-in-picture\" allowfullscreen><\/iframe><\/p>\n","protected":false},"excerpt":{"rendered":"<p>D\u00eda de la Independencia 9 de julio 1816-2020. ISFD y T E.A Mansilla. &nbsp; &nbsp; Trabajo audiovisual con Primer A\u00f1o del Profesorado en Educaci\u00f3n Inicial \u00a0Profesores Coronel Vanesa y Epifanio Cardozo. &nbsp; Estudiantes del Segundo A\u00f1o. Profesorado en Educaci\u00f3n Inicial. Extensi\u00f3n Aulica Mansilla.<\/p>\n","protected":false},"author":298,"featured_media":2783,"comment_status":"open","ping_status":"open","sticky":false,"template":"","format":"standard","meta":[],"categories":[1],"tags":[],"acf":[],"_links":{"self":[{"href":"https:\/\/des-for.infd.edu.ar\/sitio\/wp-json\/wp\/v2\/posts\/2778"}],"collection":[{"href":"https:\/\/des-for.infd.edu.ar\/sitio\/wp-json\/wp\/v2\/posts"}],"about":[{"href":"https:\/\/des-for.infd.edu.ar\/sitio\/wp-json\/wp\/v2\/types\/post"}],"author":[{"embeddable":true,"href":"https:\/\/des-for.infd.edu.ar\/sitio\/wp-json\/wp\/v2\/users\/298"}],"replies":[{"embeddable":true,"href":"https:\/\/des-for.infd.edu.ar\/sitio\/wp-json\/wp\/v2\/comments?post=2778"}],"version-history":[{"count":3,"href":"https:\/\/des-for.infd.edu.ar\/sitio\/wp-json\/wp\/v2\/posts\/2778\/revisions"}],"predecessor-version":[{"id":2782,"href":"https:\/\/des-for.infd.edu.ar\/sitio\/wp-json\/wp\/v2\/posts\/2778\/revisions\/2782"}],"wp:featuredmedia":[{"embeddable":true,"href":"https:\/\/des-for.infd.edu.ar\/sitio\/wp-json\/wp\/v2\/media\/2783"}],"wp:attachment":[{"href":"https:\/\/des-for.infd.edu.ar\/sitio\/wp-json\/wp\/v2\/media?parent=2778"}],"wp:term":[{"taxonomy":"category","embeddable":true,"href":"https:\/\/des-for.infd.edu.ar\/sitio\/wp-json\/wp\/v2\/categories?post=2778"},{"taxonomy":"post_tag","embeddable":true,"href":"https:\/\/des-for.infd.edu.ar\/sitio\/wp-json\/wp\/v2\/tags?post=2778"}],"curies":[{"name":"wp","href":"https:\/\/api.w.org\/{rel}","templated":true}]}}