{"id":2766,"date":"2020-07-04T20:10:33","date_gmt":"2020-07-04T23:10:33","guid":{"rendered":"https:\/\/des-for.infd.edu.ar\/sitio\/?p=2766"},"modified":"2020-07-04T20:22:16","modified_gmt":"2020-07-04T23:22:16","slug":"instituto-de-formacion-docente-felix-a-cabrera","status":"publish","type":"post","link":"https:\/\/des-for.infd.edu.ar\/sitio\/instituto-de-formacion-docente-felix-a-cabrera\/","title":{"rendered":"Instituto de Formaci\u00f3n Docente F\u00e9lix A. Cabrera"},"content":{"rendered":"<p style=\"text-align: center;\">En conmemoraci\u00f3n del 4 de Julio, d\u00eda del M\u00e9dico rural y el natalicio del Doctor Laureano Maradona: naturista y fil\u00e1ntropo santafesino; quien vivi\u00f3 en Estanilao del Campo, y dedic\u00f3 su vida a los dem\u00e1s y fue famoso por su modestia y abnegaci\u00f3n.<\/p>\n<p><iframe loading=\"lazy\" width=\"1200\" height=\"675\" src=\"https:\/\/www.youtube.com\/embed\/zT14hjCmyXo?feature=oembed\" frameborder=\"0\" allow=\"accelerometer; autoplay; encrypted-media; gyroscope; picture-in-picture\" allowfullscreen><\/iframe><\/p>\n<p style=\"text-align: center;\">Esteban Laureano naci\u00f3 el 4 de julio de 1895 en Esperanza. \u00abViv\u00edamos en un estado natural, como los indios\u00bb, mi infancia fue feliz y plena de vivencias con la naturaleza&#8230;aprend\u00ed a domar potros. Fui mal alumno, desordenado, rebelde&#8230;solitario de car\u00e1cter fuerte como mi padre&#8230;que era bastante severo y ten\u00eda muchas estancias desperdigadas en la provincia&#8230;\u00bb En su libro \u00abRecuerdos Campesinos\u00bb reconstruye con mucha emoci\u00f3n, las im\u00e1genes de su infancia y juventud. Luego, la familia se traslad\u00f3 a Buenos Aires y Maradona ingresa en la Facultad de Medicina.<\/p>\n<p>Fue disc\u00edpulo de Bernardo Houssay y de Pedro de Elizalde, entre otros. Fue desobediente, testarudo y fan\u00e1tico de los derechos de los pobres y tuvo que soportar persecuciones en el gobierno de F\u00e9lix Uriburu. Viaj\u00f3 a Paraguay previo paso de instalar un consultorio en Resistencia, Chaco. Lleg\u00f3 a ser aceptado como jefe del Hospital Naval de Asunci\u00f3n. Cuando comenz\u00f3 la guerra entre paraguayos y bolivianos: atendi\u00f3 a los heridos de ambos bandos. \u00abCuando termin\u00f3 la guerra don\u00e9 los sueldos a los soldados paraguayos y a la Cruz Roja&#8230;y me fui&#8230;\u00bb Sucede un hecho que cambi\u00f3 el rumbo de su vida.<\/p>\n<p>\u00abEl tren que me llevaba a Tucum\u00e1n, donde viv\u00eda mi hermano, estaba a punto de arrancar. Con mi viejo malet\u00edn de m\u00e9dico en la mano, estaba s\u00f3lo, parado en el and\u00e9n del pasaje Guaycur\u00fa (hoy Estanislao del Campo, en la provincia de Formosa) y ped\u00edan a un curador, y a los gritos desesperados me hicieron subir a un sulky y me intern\u00e9 en la espesura del monte sin importarme el tiempo que me llevar\u00eda el auxilio? toda mi energ\u00eda se concentr\u00f3 en salvar esas dos vidas en un parto complicado&#8230;perd\u00ed el tren&#8230;Despu\u00e9s de cuatro a\u00f1os de curar a paraguayos y bolivianos en la guerra, c\u00f3mo no voy a hacer algo por esta gente de mi patria&#8230;Con el tiempo me aceptaron, aunque primero ten\u00edan miedo de acercarse, ninguno se quer\u00eda ir sin que yo revisara sus cuerpos sesgados por el dolor\u00bb. Aprendi\u00f3 la lengua de los tobas, pilag\u00e1s, wichis y guaucur\u00faes y les ense\u00f1\u00f3 a leer y escribir. Permaneci\u00f3 en Estanislao del Campo 52 a\u00f1os hasta que su salud se lo permiti\u00f3.<\/p>\n<p>En el kil\u00f3metro 240 de la ruta nacional N\u00b0 81 est\u00e1 Estanislao del Campo y ah\u00ed se encuentra lo que fue su casa-consultorio. Est\u00e1 en una soledad absoluta, pero muy bien custodiada por sus vecinos que, al observar cualquier movimiento en la puerta, muy animosos se acercan a contar an\u00e9cdotas de su querido Dr. Dios. Ah\u00ed est\u00e1 su modesto catre, una mesa, un escritorio, un brasero y un ropero con sus austeras ropas. Le gustaba la luz natural. Cuentan que le pusieron un farol en la puerta de su casa y pidi\u00f3 que se la sacara&#8230;no le interesaba la luz el\u00e9ctrica. Recordaban que le gustaba que lo llamaran Piognac que en pilag\u00e1 significaba Dr. Dios.<\/p>\n<p>Dec\u00eda: \u00abno hice otra cosa que cumplir con mi juramento hipocr\u00e1tico de hacer el bien al pr\u00f3jimo. Fue un ejemplo de altruismo y dedicaci\u00f3n. Fue postulado tres veces para el Premio Nobel. El m\u00e9dico rural, Dr. Maradona falleci\u00f3 el 14 de enero de 1995 a los 99 a\u00f1os.<\/p>\n<p>&nbsp;<\/p>\n","protected":false},"excerpt":{"rendered":"<p>En conmemoraci\u00f3n del 4 de Julio, d\u00eda del M\u00e9dico rural y el natalicio del Doctor Laureano Maradona: naturista y fil\u00e1ntropo santafesino; quien vivi\u00f3 en Estanilao del Campo, y dedic\u00f3 su vida a los dem\u00e1s y fue famoso por su modestia y abnegaci\u00f3n. Esteban Laureano naci\u00f3 el 4 de julio de 1895 en Esperanza. \u00abViv\u00edamos en &#8230; <a title=\"Instituto de Formaci\u00f3n Docente F\u00e9lix A. Cabrera\" class=\"read-more\" href=\"https:\/\/des-for.infd.edu.ar\/sitio\/instituto-de-formacion-docente-felix-a-cabrera\/\" aria-label=\"More on Instituto de Formaci\u00f3n Docente F\u00e9lix A. Cabrera\">[+]<\/a><\/p>\n","protected":false},"author":298,"featured_media":2771,"comment_status":"open","ping_status":"open","sticky":false,"template":"","format":"standard","meta":[],"categories":[1],"tags":[],"acf":[],"_links":{"self":[{"href":"https:\/\/des-for.infd.edu.ar\/sitio\/wp-json\/wp\/v2\/posts\/2766"}],"collection":[{"href":"https:\/\/des-for.infd.edu.ar\/sitio\/wp-json\/wp\/v2\/posts"}],"about":[{"href":"https:\/\/des-for.infd.edu.ar\/sitio\/wp-json\/wp\/v2\/types\/post"}],"author":[{"embeddable":true,"href":"https:\/\/des-for.infd.edu.ar\/sitio\/wp-json\/wp\/v2\/users\/298"}],"replies":[{"embeddable":true,"href":"https:\/\/des-for.infd.edu.ar\/sitio\/wp-json\/wp\/v2\/comments?post=2766"}],"version-history":[{"count":3,"href":"https:\/\/des-for.infd.edu.ar\/sitio\/wp-json\/wp\/v2\/posts\/2766\/revisions"}],"predecessor-version":[{"id":2770,"href":"https:\/\/des-for.infd.edu.ar\/sitio\/wp-json\/wp\/v2\/posts\/2766\/revisions\/2770"}],"wp:featuredmedia":[{"embeddable":true,"href":"https:\/\/des-for.infd.edu.ar\/sitio\/wp-json\/wp\/v2\/media\/2771"}],"wp:attachment":[{"href":"https:\/\/des-for.infd.edu.ar\/sitio\/wp-json\/wp\/v2\/media?parent=2766"}],"wp:term":[{"taxonomy":"category","embeddable":true,"href":"https:\/\/des-for.infd.edu.ar\/sitio\/wp-json\/wp\/v2\/categories?post=2766"},{"taxonomy":"post_tag","embeddable":true,"href":"https:\/\/des-for.infd.edu.ar\/sitio\/wp-json\/wp\/v2\/tags?post=2766"}],"curies":[{"name":"wp","href":"https:\/\/api.w.org\/{rel}","templated":true}]}}