{"id":2746,"date":"2020-06-23T22:06:34","date_gmt":"2020-06-24T01:06:34","guid":{"rendered":"https:\/\/des-for.infd.edu.ar\/sitio\/?p=2746"},"modified":"2020-06-23T22:28:11","modified_gmt":"2020-06-24T01:28:11","slug":"ser-estudiantes-del-nivel-superior-en-tiempos-de-aislamiento-social-y-virtualidad","status":"publish","type":"post","link":"https:\/\/des-for.infd.edu.ar\/sitio\/ser-estudiantes-del-nivel-superior-en-tiempos-de-aislamiento-social-y-virtualidad\/","title":{"rendered":"Ser estudiantes del Nivel Superior en tiempos de aislamiento social y virtualidad."},"content":{"rendered":"<h5 style=\"text-align: justify;\">En tiempos excepcionales se ha fortalecido el v\u00ednculo entre pares y se destaca la solidaridad, empatia, organizaci\u00f3n y coordinaci\u00f3n entre estudiantes pero tambi\u00e9n con diferentes miembros de la comunidad educativa para que la formaci\u00f3n no sea vea interrumpida y se sobrelleve de la mejor manera.<\/h5>\n<p style=\"text-align: center;\">\u00bfC\u00f3mo est\u00e1s viviendo y sintiendo \u00e9ste periodo de aislamiento?<\/p>\n<p><iframe loading=\"lazy\" width=\"1200\" height=\"900\" src=\"https:\/\/www.youtube.com\/embed\/ZGv3c5JkAls?feature=oembed\" frameborder=\"0\" allow=\"accelerometer; autoplay; encrypted-media; gyroscope; picture-in-picture\" allowfullscreen><\/iframe><\/p>\n<p>&nbsp;<\/p>\n<p style=\"text-align: center;\">\u00bfQu\u00e9 es lo que m\u00e1s extra\u00f1as de la prespecialidad?<\/p>\n<p><iframe loading=\"lazy\" width=\"1200\" height=\"900\" src=\"https:\/\/www.youtube.com\/embed\/Bu7LSeJ1Vws?feature=oembed\" frameborder=\"0\" allow=\"accelerometer; autoplay; encrypted-media; gyroscope; picture-in-picture\" allowfullscreen><\/iframe><\/p>\n<p>&nbsp;<\/p>\n<p style=\"text-align: center;\">\u00bfQu\u00e9 herramientas digitales usas para realizar tus tareas?<\/p>\n<p><iframe loading=\"lazy\" width=\"1200\" height=\"900\" src=\"https:\/\/www.youtube.com\/embed\/SnV384PQUCQ?feature=oembed\" frameborder=\"0\" allow=\"accelerometer; autoplay; encrypted-media; gyroscope; picture-in-picture\" allowfullscreen><\/iframe><\/p>\n<p>&nbsp;<\/p>\n<p style=\"text-align: center;\">\u00bfQu\u00e9 cosas nuevas tuvieron la oportunidad de aprender en tiempos de aislamiento?<\/p>\n<p><iframe loading=\"lazy\" width=\"1200\" height=\"900\" src=\"https:\/\/www.youtube.com\/embed\/dNX19vxZlpE?feature=oembed\" frameborder=\"0\" allow=\"accelerometer; autoplay; encrypted-media; gyroscope; picture-in-picture\" allowfullscreen><\/iframe><\/p>\n<p>&nbsp;<\/p>\n<p style=\"text-align: center;\">\u00bfQu\u00e9 crees que cambiar\u00e1 en los institutos a partir de esta experiencia?<\/p>\n<p><iframe loading=\"lazy\" width=\"1200\" height=\"675\" src=\"https:\/\/www.youtube.com\/embed\/nWABC0KdExE?feature=oembed\" frameborder=\"0\" allow=\"accelerometer; autoplay; encrypted-media; gyroscope; picture-in-picture\" allowfullscreen><\/iframe><\/p>\n<p>&nbsp;<\/p>\n<p style=\"text-align: center;\">\u00bfC\u00f3mo consideras que se puede fortalecer los v\u00ednculos entre compa\u00f1eros en este contexto?<\/p>\n<p><iframe loading=\"lazy\" width=\"1200\" height=\"900\" src=\"https:\/\/www.youtube.com\/embed\/FO_0h1w-WdQ?feature=oembed\" frameborder=\"0\" allow=\"accelerometer; autoplay; encrypted-media; gyroscope; picture-in-picture\" allowfullscreen><\/iframe><\/p>\n<p>&nbsp;<\/p>\n<h5 style=\"text-align: center;\">Mensaje a los pares.<\/h5>\n<p><iframe loading=\"lazy\" width=\"1200\" height=\"900\" src=\"https:\/\/www.youtube.com\/embed\/q0ZFd-t4ncw?feature=oembed\" frameborder=\"0\" allow=\"accelerometer; autoplay; encrypted-media; gyroscope; picture-in-picture\" allowfullscreen><\/iframe><\/p>\n<p>&nbsp;<\/p>\n<p>&nbsp;<\/p>\n<p>&nbsp;<\/p>\n","protected":false},"excerpt":{"rendered":"<p>En tiempos excepcionales se ha fortalecido el v\u00ednculo entre pares y se destaca la solidaridad, empatia, organizaci\u00f3n y coordinaci\u00f3n entre estudiantes pero tambi\u00e9n con diferentes miembros de la comunidad educativa para que la formaci\u00f3n no sea vea interrumpida y se sobrelleve de la mejor manera. \u00bfC\u00f3mo est\u00e1s viviendo y sintiendo \u00e9ste periodo de aislamiento? &nbsp; &#8230; <a title=\"Ser estudiantes del Nivel Superior en tiempos de aislamiento social y virtualidad.\" class=\"read-more\" href=\"https:\/\/des-for.infd.edu.ar\/sitio\/ser-estudiantes-del-nivel-superior-en-tiempos-de-aislamiento-social-y-virtualidad\/\" aria-label=\"More on Ser estudiantes del Nivel Superior en tiempos de aislamiento social y virtualidad.\">[+]<\/a><\/p>\n","protected":false},"author":298,"featured_media":2752,"comment_status":"open","ping_status":"open","sticky":false,"template":"","format":"standard","meta":[],"categories":[1],"tags":[],"acf":[],"_links":{"self":[{"href":"https:\/\/des-for.infd.edu.ar\/sitio\/wp-json\/wp\/v2\/posts\/2746"}],"collection":[{"href":"https:\/\/des-for.infd.edu.ar\/sitio\/wp-json\/wp\/v2\/posts"}],"about":[{"href":"https:\/\/des-for.infd.edu.ar\/sitio\/wp-json\/wp\/v2\/types\/post"}],"author":[{"embeddable":true,"href":"https:\/\/des-for.infd.edu.ar\/sitio\/wp-json\/wp\/v2\/users\/298"}],"replies":[{"embeddable":true,"href":"https:\/\/des-for.infd.edu.ar\/sitio\/wp-json\/wp\/v2\/comments?post=2746"}],"version-history":[{"count":4,"href":"https:\/\/des-for.infd.edu.ar\/sitio\/wp-json\/wp\/v2\/posts\/2746\/revisions"}],"predecessor-version":[{"id":2753,"href":"https:\/\/des-for.infd.edu.ar\/sitio\/wp-json\/wp\/v2\/posts\/2746\/revisions\/2753"}],"wp:featuredmedia":[{"embeddable":true,"href":"https:\/\/des-for.infd.edu.ar\/sitio\/wp-json\/wp\/v2\/media\/2752"}],"wp:attachment":[{"href":"https:\/\/des-for.infd.edu.ar\/sitio\/wp-json\/wp\/v2\/media?parent=2746"}],"wp:term":[{"taxonomy":"category","embeddable":true,"href":"https:\/\/des-for.infd.edu.ar\/sitio\/wp-json\/wp\/v2\/categories?post=2746"},{"taxonomy":"post_tag","embeddable":true,"href":"https:\/\/des-for.infd.edu.ar\/sitio\/wp-json\/wp\/v2\/tags?post=2746"}],"curies":[{"name":"wp","href":"https:\/\/api.w.org\/{rel}","templated":true}]}}