{"id":2733,"date":"2020-06-20T23:31:21","date_gmt":"2020-06-21T02:31:21","guid":{"rendered":"https:\/\/des-for.infd.edu.ar\/sitio\/?p=2733"},"modified":"2020-06-20T23:34:07","modified_gmt":"2020-06-21T02:34:07","slug":"instituto-de-formacion-docente-laishi-extension-aulica-mansilla","status":"publish","type":"post","link":"https:\/\/des-for.infd.edu.ar\/sitio\/instituto-de-formacion-docente-laishi-extension-aulica-mansilla\/","title":{"rendered":"Instituto de Formaci\u00f3n Docente Laish\u00ed &#8211; Extensi\u00f3n \u00e1ulica Mansilla"},"content":{"rendered":"<h4 style=\"text-align: center;\">Efem\u00e9rides: 20 de Junio \u00abD\u00eda de la Bandera\u00bb. Realizaci\u00f3n y Producci\u00f3n a<\/h4>\n<h4 style=\"text-align: center;\">cargo de estudiantes del Profesorado en Educaci\u00f3n Inicial.<\/h4>\n<div id=\"fb-root\"><\/div>\n<p><script async=\"1\" defer=\"1\" crossorigin=\"anonymous\" src=\"https:\/\/connect.facebook.net\/en_US\/sdk.js#xfbml=1&amp;version=v7.0\" nonce=\"k2MYE61z\"><\/script><\/p>\n<div class=\"fb-video\" data-href=\"https:\/\/www.facebook.com\/isfdyt.gralmansilla.3\/videos\/154853672774650\/\" data-width=\"1200\">\n<blockquote cite=\"https:\/\/www.facebook.com\/isfdyt.gralmansilla.3\/videos\/154853672774650\/\" class=\"fb-xfbml-parse-ignore\"><p><a href=\"https:\/\/www.facebook.com\/isfdyt.gralmansilla.3\/videos\/154853672774650\/\"><\/a><\/p>\n<p>Efem\u00e9rides: 20 de Junio &quot;D\u00eda de la Bandera&quot;.  Realizaci\u00f3n  y Producci\u00f3n  a cargo de estudiantes del Profesorado en Educaci\u00f3n Incicial.<\/p>\n<p>Posted by <a href=\"https:\/\/www.facebook.com\/isfdyt.gralmansilla.3\">ISFDyT Gral Mansilla<\/a> on Friday, June 19, 2020<\/p><\/blockquote>\n<\/div>\n<p>&nbsp;<\/p>\n","protected":false},"excerpt":{"rendered":"<p>Efem\u00e9rides: 20 de Junio \u00abD\u00eda de la Bandera\u00bb. Realizaci\u00f3n y Producci\u00f3n a cargo de estudiantes del Profesorado en Educaci\u00f3n Inicial. &nbsp;<\/p>\n","protected":false},"author":298,"featured_media":0,"comment_status":"open","ping_status":"open","sticky":false,"template":"","format":"standard","meta":[],"categories":[1],"tags":[],"acf":[],"_links":{"self":[{"href":"https:\/\/des-for.infd.edu.ar\/sitio\/wp-json\/wp\/v2\/posts\/2733"}],"collection":[{"href":"https:\/\/des-for.infd.edu.ar\/sitio\/wp-json\/wp\/v2\/posts"}],"about":[{"href":"https:\/\/des-for.infd.edu.ar\/sitio\/wp-json\/wp\/v2\/types\/post"}],"author":[{"embeddable":true,"href":"https:\/\/des-for.infd.edu.ar\/sitio\/wp-json\/wp\/v2\/users\/298"}],"replies":[{"embeddable":true,"href":"https:\/\/des-for.infd.edu.ar\/sitio\/wp-json\/wp\/v2\/comments?post=2733"}],"version-history":[{"count":2,"href":"https:\/\/des-for.infd.edu.ar\/sitio\/wp-json\/wp\/v2\/posts\/2733\/revisions"}],"predecessor-version":[{"id":2735,"href":"https:\/\/des-for.infd.edu.ar\/sitio\/wp-json\/wp\/v2\/posts\/2733\/revisions\/2735"}],"wp:attachment":[{"href":"https:\/\/des-for.infd.edu.ar\/sitio\/wp-json\/wp\/v2\/media?parent=2733"}],"wp:term":[{"taxonomy":"category","embeddable":true,"href":"https:\/\/des-for.infd.edu.ar\/sitio\/wp-json\/wp\/v2\/categories?post=2733"},{"taxonomy":"post_tag","embeddable":true,"href":"https:\/\/des-for.infd.edu.ar\/sitio\/wp-json\/wp\/v2\/tags?post=2733"}],"curies":[{"name":"wp","href":"https:\/\/api.w.org\/{rel}","templated":true}]}}