{"id":2721,"date":"2020-06-20T15:54:17","date_gmt":"2020-06-20T18:54:17","guid":{"rendered":"https:\/\/des-for.infd.edu.ar\/sitio\/?p=2721"},"modified":"2020-06-20T16:03:42","modified_gmt":"2020-06-20T19:03:42","slug":"instituto-de-formacion-docente-laishi-extension-aulica-herradura-2","status":"publish","type":"post","link":"https:\/\/des-for.infd.edu.ar\/sitio\/instituto-de-formacion-docente-laishi-extension-aulica-herradura-2\/","title":{"rendered":"Instituto de Formaci\u00f3n Docente Laish\u00ed extensi\u00f3n aulica Herradura"},"content":{"rendered":"<p style=\"text-align: center;\">Estudiantes de 2do, y\u00a0 3er a\u00f1o del profesorado de Nivel Inicial, realizaron producciones audiovisuales en homenaje por el \u00a0<em>D\u00cdA DE LA BANDERA,\u00a0 la profesora Baez Cynthia Natalia estuvo a cargo del gui\u00f3n y edici\u00f3n.\u00a0<\/em><\/p>\n<p><iframe loading=\"lazy\" width=\"1200\" height=\"675\" src=\"https:\/\/www.youtube.com\/embed\/hVKLHxQp1PY?feature=oembed\" frameborder=\"0\" allow=\"accelerometer; autoplay; encrypted-media; gyroscope; picture-in-picture\" allowfullscreen><\/iframe><\/p>\n<p style=\"text-align: center;\"><em>Las estudiantes de 3er a\u00f1o de la carrera del Profesorado de Educaci\u00f3n de nivel inicial, participaron en la realizaci\u00f3n de un video audio visual, en conmemoraci\u00f3n del d\u00eda de la Bandera, por el paso a la inmortalidad del creador de la Bandera el Gral. Manuel Belgrano, quien muriera el 20 de junio de 1820. Participaron tambi\u00e9n en la realizaci\u00f3n de las voces de los t\u00edteres y en el dibujo de la bandera, ni\u00f1os que son parte de la familia de las estudiantes.<\/em><\/p>\n<p>&nbsp;<\/p>\n<p style=\"text-align: center;\"><em><iframe loading=\"lazy\" src=\"https:\/\/www.youtube.com\/embed\/M0--o0HE6MI?wmode=transparent\" width=\"560\" height=\"315\" frameborder=\"0\" allowfullscreen=\"allowfullscreen\" data-mce-fragment=\"1\"><\/iframe><\/em><\/p>\n<p style=\"text-align: center;\"><em>Las estudiantes de 2do a\u00f1o del profesorado del nivel inicial del ISFDyT Laish\u00ed extensi\u00f3n a\u00falica Herradura, en el espacio curricular: Historia y Pol\u00edtica de la Educaci\u00f3n Argentina.<\/em><\/p>\n<p style=\"text-align: center;\">\n","protected":false},"excerpt":{"rendered":"<p>Estudiantes de 2do, y\u00a0 3er a\u00f1o del profesorado de Nivel Inicial, realizaron producciones audiovisuales en homenaje por el \u00a0D\u00cdA DE LA BANDERA,\u00a0 la profesora Baez Cynthia Natalia estuvo a cargo del gui\u00f3n y edici\u00f3n.\u00a0 Las estudiantes de 3er a\u00f1o de la carrera del Profesorado de Educaci\u00f3n de nivel inicial, participaron en la realizaci\u00f3n de un &#8230; <a title=\"Instituto de Formaci\u00f3n Docente Laish\u00ed extensi\u00f3n aulica Herradura\" class=\"read-more\" href=\"https:\/\/des-for.infd.edu.ar\/sitio\/instituto-de-formacion-docente-laishi-extension-aulica-herradura-2\/\" aria-label=\"More on Instituto de Formaci\u00f3n Docente Laish\u00ed extensi\u00f3n aulica Herradura\">[+]<\/a><\/p>\n","protected":false},"author":298,"featured_media":0,"comment_status":"open","ping_status":"open","sticky":false,"template":"","format":"standard","meta":[],"categories":[1],"tags":[],"acf":[],"_links":{"self":[{"href":"https:\/\/des-for.infd.edu.ar\/sitio\/wp-json\/wp\/v2\/posts\/2721"}],"collection":[{"href":"https:\/\/des-for.infd.edu.ar\/sitio\/wp-json\/wp\/v2\/posts"}],"about":[{"href":"https:\/\/des-for.infd.edu.ar\/sitio\/wp-json\/wp\/v2\/types\/post"}],"author":[{"embeddable":true,"href":"https:\/\/des-for.infd.edu.ar\/sitio\/wp-json\/wp\/v2\/users\/298"}],"replies":[{"embeddable":true,"href":"https:\/\/des-for.infd.edu.ar\/sitio\/wp-json\/wp\/v2\/comments?post=2721"}],"version-history":[{"count":4,"href":"https:\/\/des-for.infd.edu.ar\/sitio\/wp-json\/wp\/v2\/posts\/2721\/revisions"}],"predecessor-version":[{"id":2725,"href":"https:\/\/des-for.infd.edu.ar\/sitio\/wp-json\/wp\/v2\/posts\/2721\/revisions\/2725"}],"wp:attachment":[{"href":"https:\/\/des-for.infd.edu.ar\/sitio\/wp-json\/wp\/v2\/media?parent=2721"}],"wp:term":[{"taxonomy":"category","embeddable":true,"href":"https:\/\/des-for.infd.edu.ar\/sitio\/wp-json\/wp\/v2\/categories?post=2721"},{"taxonomy":"post_tag","embeddable":true,"href":"https:\/\/des-for.infd.edu.ar\/sitio\/wp-json\/wp\/v2\/tags?post=2721"}],"curies":[{"name":"wp","href":"https:\/\/api.w.org\/{rel}","templated":true}]}}