{"id":2659,"date":"2020-05-28T00:57:32","date_gmt":"2020-05-28T03:57:32","guid":{"rendered":"https:\/\/des-for.infd.edu.ar\/sitio\/?p=2659"},"modified":"2020-05-28T01:02:34","modified_gmt":"2020-05-28T04:02:34","slug":"isfdyt-laishi-extension-aulica-herradura-2","status":"publish","type":"post","link":"https:\/\/des-for.infd.edu.ar\/sitio\/isfdyt-laishi-extension-aulica-herradura-2\/","title":{"rendered":"ISFDyT Laish\u00ed extensi\u00f3n aulica Herradura"},"content":{"rendered":"<p style=\"text-align: center;\"><iframe loading=\"lazy\" src=\"https:\/\/www.youtube.com\/embed\/VIGizw9Bbbw?wmode=transparent\" width=\"560\" height=\"315\" frameborder=\"0\" allowfullscreen=\"allowfullscreen\" data-mce-fragment=\"1\"><\/iframe><\/p>\n<p style=\"text-align: center;\"><iframe loading=\"lazy\" src=\"https:\/\/www.youtube.com\/embed\/BBe7SSAiWIU?wmode=transparent\" width=\"560\" height=\"315\" frameborder=\"0\" allowfullscreen=\"allowfullscreen\" data-mce-fragment=\"1\"><\/iframe><\/p>\n<h4 style=\"text-align: center;\"><em><strong>El Instituto de Formaci\u00f3n Docente Laish\u00ed extensi\u00f3n aulica Herradura realiz\u00f3 el siguiente trabajo audiovisual para todos los jardines y profesores para la ense\u00f1anza\u00a0 del nivel inicial.<\/strong><\/em><\/h4>\n<p style=\"text-align: center;\">Espacio curricular Producci\u00f3n de materiales &#8211; 2\u00b0 A\u00f1o del profesorado para Nivel Inicial.<\/p>\n","protected":false},"excerpt":{"rendered":"<p>El Instituto de Formaci\u00f3n Docente Laish\u00ed extensi\u00f3n aulica Herradura realiz\u00f3 el siguiente trabajo audiovisual para todos los jardines y profesores para la ense\u00f1anza\u00a0 del nivel inicial. Espacio curricular Producci\u00f3n de materiales &#8211; 2\u00b0 A\u00f1o del profesorado para Nivel Inicial.<\/p>\n","protected":false},"author":298,"featured_media":0,"comment_status":"open","ping_status":"open","sticky":false,"template":"","format":"standard","meta":[],"categories":[1],"tags":[],"acf":[],"_links":{"self":[{"href":"https:\/\/des-for.infd.edu.ar\/sitio\/wp-json\/wp\/v2\/posts\/2659"}],"collection":[{"href":"https:\/\/des-for.infd.edu.ar\/sitio\/wp-json\/wp\/v2\/posts"}],"about":[{"href":"https:\/\/des-for.infd.edu.ar\/sitio\/wp-json\/wp\/v2\/types\/post"}],"author":[{"embeddable":true,"href":"https:\/\/des-for.infd.edu.ar\/sitio\/wp-json\/wp\/v2\/users\/298"}],"replies":[{"embeddable":true,"href":"https:\/\/des-for.infd.edu.ar\/sitio\/wp-json\/wp\/v2\/comments?post=2659"}],"version-history":[{"count":3,"href":"https:\/\/des-for.infd.edu.ar\/sitio\/wp-json\/wp\/v2\/posts\/2659\/revisions"}],"predecessor-version":[{"id":2662,"href":"https:\/\/des-for.infd.edu.ar\/sitio\/wp-json\/wp\/v2\/posts\/2659\/revisions\/2662"}],"wp:attachment":[{"href":"https:\/\/des-for.infd.edu.ar\/sitio\/wp-json\/wp\/v2\/media?parent=2659"}],"wp:term":[{"taxonomy":"category","embeddable":true,"href":"https:\/\/des-for.infd.edu.ar\/sitio\/wp-json\/wp\/v2\/categories?post=2659"},{"taxonomy":"post_tag","embeddable":true,"href":"https:\/\/des-for.infd.edu.ar\/sitio\/wp-json\/wp\/v2\/tags?post=2659"}],"curies":[{"name":"wp","href":"https:\/\/api.w.org\/{rel}","templated":true}]}}