{"id":2651,"date":"2020-05-25T08:51:51","date_gmt":"2020-05-25T11:51:51","guid":{"rendered":"https:\/\/des-for.infd.edu.ar\/sitio\/?p=2651"},"modified":"2020-05-25T09:01:09","modified_gmt":"2020-05-25T12:01:09","slug":"isfdyt-laishi-extension-aulica-herradura","status":"publish","type":"post","link":"https:\/\/des-for.infd.edu.ar\/sitio\/isfdyt-laishi-extension-aulica-herradura\/","title":{"rendered":"ISFDyT LAISHI EXTENSI\u00d3N AULICA HERRADURA"},"content":{"rendered":"<h6 style=\"text-align: justify;\">En conmemoraci\u00f3n de los 210 a\u00f1os de la conformaci\u00f3n de la junta provisional de gobierno del virreinato del R\u00edo de La Plata, las estudiantes del 3er a\u00f1o del profesorado de nivel inicial realizaron un trabajo audiovisual en la c\u00e1tedra de Ciencias Sociales y su Ense\u00f1anza con la profesora Cinthia Baez.<\/h6>\n<p style=\"text-align: center;\"><iframe loading=\"lazy\" src=\"https:\/\/www.youtube.com\/embed\/j3uxjlfqE-E?wmode=transparent\" width=\"560\" height=\"315\" frameborder=\"0\" allowfullscreen=\"allowfullscreen\" data-mce-fragment=\"1\"><\/iframe><\/p>\n<h2 style=\"text-align: center;\"><strong>Feliz d\u00eda de la Patria !!!!<\/strong><\/h2>\n<p>&nbsp;<\/p>\n","protected":false},"excerpt":{"rendered":"<p>En conmemoraci\u00f3n de los 210 a\u00f1os de la conformaci\u00f3n de la junta provisional de gobierno del virreinato del R\u00edo de La Plata, las estudiantes del 3er a\u00f1o del profesorado de nivel inicial realizaron un trabajo audiovisual en la c\u00e1tedra de Ciencias Sociales y su Ense\u00f1anza con la profesora Cinthia Baez. Feliz d\u00eda de la Patria &#8230; <a title=\"ISFDyT LAISHI EXTENSI\u00d3N AULICA HERRADURA\" class=\"read-more\" href=\"https:\/\/des-for.infd.edu.ar\/sitio\/isfdyt-laishi-extension-aulica-herradura\/\" aria-label=\"More on ISFDyT LAISHI EXTENSI\u00d3N AULICA HERRADURA\">[+]<\/a><\/p>\n","protected":false},"author":298,"featured_media":0,"comment_status":"open","ping_status":"open","sticky":false,"template":"","format":"standard","meta":[],"categories":[1],"tags":[],"acf":[],"_links":{"self":[{"href":"https:\/\/des-for.infd.edu.ar\/sitio\/wp-json\/wp\/v2\/posts\/2651"}],"collection":[{"href":"https:\/\/des-for.infd.edu.ar\/sitio\/wp-json\/wp\/v2\/posts"}],"about":[{"href":"https:\/\/des-for.infd.edu.ar\/sitio\/wp-json\/wp\/v2\/types\/post"}],"author":[{"embeddable":true,"href":"https:\/\/des-for.infd.edu.ar\/sitio\/wp-json\/wp\/v2\/users\/298"}],"replies":[{"embeddable":true,"href":"https:\/\/des-for.infd.edu.ar\/sitio\/wp-json\/wp\/v2\/comments?post=2651"}],"version-history":[{"count":4,"href":"https:\/\/des-for.infd.edu.ar\/sitio\/wp-json\/wp\/v2\/posts\/2651\/revisions"}],"predecessor-version":[{"id":2656,"href":"https:\/\/des-for.infd.edu.ar\/sitio\/wp-json\/wp\/v2\/posts\/2651\/revisions\/2656"}],"wp:attachment":[{"href":"https:\/\/des-for.infd.edu.ar\/sitio\/wp-json\/wp\/v2\/media?parent=2651"}],"wp:term":[{"taxonomy":"category","embeddable":true,"href":"https:\/\/des-for.infd.edu.ar\/sitio\/wp-json\/wp\/v2\/categories?post=2651"},{"taxonomy":"post_tag","embeddable":true,"href":"https:\/\/des-for.infd.edu.ar\/sitio\/wp-json\/wp\/v2\/tags?post=2651"}],"curies":[{"name":"wp","href":"https:\/\/api.w.org\/{rel}","templated":true}]}}