{"id":2643,"date":"2020-05-23T17:08:18","date_gmt":"2020-05-23T20:08:18","guid":{"rendered":"https:\/\/des-for.infd.edu.ar\/sitio\/?p=2643"},"modified":"2020-05-23T17:15:55","modified_gmt":"2020-05-23T20:15:55","slug":"instituto-superior-de-formacion-docente-y-tecnica-laishi-extension-aulica-mansilla","status":"publish","type":"post","link":"https:\/\/des-for.infd.edu.ar\/sitio\/instituto-superior-de-formacion-docente-y-tecnica-laishi-extension-aulica-mansilla\/","title":{"rendered":"Instituto Superior de Formaci\u00f3n Docente y T\u00e9cnica Laishi- Extensi\u00f3n \u00c1ulica Mansilla"},"content":{"rendered":"<p style=\"text-align: center;\"><img decoding=\"async\" loading=\"lazy\" class=\"alignnone size-full wp-image-2648\" src=\"https:\/\/des-for.infd.edu.ar\/sitio\/wp-content\/uploads\/2020\/05\/3-3.jpg\" alt=\"\" width=\"800\" height=\"691\" srcset=\"https:\/\/des-for.infd.edu.ar\/sitio\/wp-content\/uploads\/2020\/05\/3-3.jpg 800w, https:\/\/des-for.infd.edu.ar\/sitio\/wp-content\/uploads\/2020\/05\/3-3-768x663.jpg 768w\" sizes=\"(max-width: 800px) 100vw, 800px\" \/><\/p>\n<p style=\"text-align: justify;\">Propuesta de articulaci\u00f3n con profesores de los espacios curriculares del PEI. Destinado a estudiantes del profesorado en educaci\u00f3n inicial, 1\u00b0, 2\u00b0 y 3\u00b0. Realizaci\u00f3n de presentaci\u00f3n en im\u00e1genes y videos.<\/p>\n<ul style=\"text-align: justify;\">\n<li>Programa de Radio: uno de los medios de explicaci\u00f3n de temas y contenido de los espacios curriculares: Pr\u00e1ctica Docente I, II y III. Did\u00e1ctica de Nivel Inicial. Relato de poes\u00edas a cargo del espacio \u201calfabetizaci\u00f3n inicial\u201d<\/li>\n<li>Propuesta: Semana de Mayo. Creaci\u00f3n de material did\u00e1ctico y ornamentaci\u00f3n en alusi\u00f3n a la fecha-<\/li>\n<li>Creaci\u00f3n y relatos de poes\u00edas, realizaci\u00f3n de titiritero y t\u00edteres. Simulaci\u00f3n y puesta en com\u00fan de un Acto Patrio.<\/li>\n<\/ul>\n<p style=\"text-align: justify;\">La finalidad de la propuesta, es acercar las futuras y futuros profesores en nivel inicial, experiencia formativa relacionada a su labor como docentes, en este caso nos centramos sobre actos patrios. El proceso de preparaci\u00f3n del mismo, caracter\u00edsticas y tem\u00e1tica que debemos tener presente al momento de pensar un Acto, seg\u00fan su particularidad.<\/p>\n<p style=\"text-align: justify;\"><em><strong>Tambi\u00e9n trabajamos sobre efem\u00e9rides, propuestas did\u00e1cticas para trabajar con los ni\u00f1os en el aula.<\/strong><\/em><\/p>\n<p style=\"text-align: justify;\">La vestimenta en la \u00e9poca colonial puede es un\u00a0 recorte de la realidad de aquella \u00e9poca nos permite investigar los hechos del 25 de mayo confrontando similitudes y diferencias entre las sociedades del presente y del pasado, intentando romper con la naturalizaci\u00f3n de aquellos eventos que, por resultar cotidianos para los ni\u00f1os, pareciese que siempre fueron as\u00ed.<br \/>\nLas estudiantes de 1er a\u00f1o vestidas de damas antiguas muestran y resaltan que sus vestimentas no pertenecen a este tiempo y que lo que se ver\u00e1 a continuaci\u00f3n ser\u00e1 la presentaci\u00f3n de distintos personajes y sus particulares formas de vestir. (Noelia Rojas y Nora Br\u00edtez- 1er a\u00f1o PEI)<\/p>\n<p style=\"text-align: justify;\">Les presento al se\u00f1or velero que recorre las calles empedradas todos los d\u00edas, con poncho sombrero y pantal\u00f3n, vendiendo sus velas para alumbrar los hogares. Creaci\u00f3n de Karina Gim\u00e9nez (1er a\u00f1o PEI)<\/p>\n<p style=\"text-align: justify;\"><em><strong>Quienes cierran el desfile representando\u00a0 el gaucho y la gaucha portando una frase \u201cCelebrar la libertad es honrar la Patria\u201d.<\/strong><\/em><\/p>\n<p style=\"text-align: justify;\">Recordar nuestra historia, conocer todos los aspectos hasta los m\u00e1s sencillos como lo es la forma de vestirse y qui\u00e9nes eran los personajes, reconocer que no todos vest\u00edan de la misma forma y sobre todo reconocer que hoy la forma de vestirse ha cambiado, nos lleva a encontrarnos con nuestra identidad nacional. (Oriana Nolazco \u2013Olmedo Eliana)<\/p>\n<p><em><strong>videos producidos<\/strong><\/em>\u00a0:<\/p>\n<p style=\"text-align: center;\"><iframe loading=\"lazy\" src=\"https:\/\/www.youtube.com\/embed\/4F4-2Dr7wbw?wmode=transparent\" width=\"560\" height=\"315\" frameborder=\"0\" allowfullscreen=\"allowfullscreen\" data-mce-fragment=\"1\"><\/iframe><\/p>\n<p style=\"text-align: center;\"><iframe loading=\"lazy\" src=\"https:\/\/www.youtube.com\/embed\/vrsZR8EdLTg?wmode=transparent\" width=\"560\" height=\"315\" frameborder=\"0\" allowfullscreen=\"allowfullscreen\" data-mce-fragment=\"1\"><\/iframe><\/p>\n<p style=\"text-align: center;\"><iframe loading=\"lazy\" src=\"https:\/\/www.youtube.com\/embed\/V0l7SN-Q9KM?wmode=transparent\" width=\"560\" height=\"315\" frameborder=\"0\" allowfullscreen=\"allowfullscreen\" data-mce-fragment=\"1\"><\/iframe><\/p>\n<p style=\"text-align: center;\"><iframe loading=\"lazy\" src=\"https:\/\/www.youtube.com\/embed\/_eI4QpJ7iu4?wmode=transparent\" width=\"560\" height=\"315\" frameborder=\"0\" allowfullscreen=\"allowfullscreen\" data-mce-fragment=\"1\"><\/iframe><\/p>\n<p>&nbsp;<\/p>\n<p>&nbsp;<\/p>\n<p>&nbsp;<\/p>\n","protected":false},"excerpt":{"rendered":"<p>Propuesta de articulaci\u00f3n con profesores de los espacios curriculares del PEI. Destinado a estudiantes del profesorado en educaci\u00f3n inicial, 1\u00b0, 2\u00b0 y 3\u00b0. Realizaci\u00f3n de presentaci\u00f3n en im\u00e1genes y videos. Programa de Radio: uno de los medios de explicaci\u00f3n de temas y contenido de los espacios curriculares: Pr\u00e1ctica Docente I, II y III. Did\u00e1ctica de &#8230; <a title=\"Instituto Superior de Formaci\u00f3n Docente y T\u00e9cnica Laishi- Extensi\u00f3n \u00c1ulica Mansilla\" class=\"read-more\" href=\"https:\/\/des-for.infd.edu.ar\/sitio\/instituto-superior-de-formacion-docente-y-tecnica-laishi-extension-aulica-mansilla\/\" aria-label=\"More on Instituto Superior de Formaci\u00f3n Docente y T\u00e9cnica Laishi- Extensi\u00f3n \u00c1ulica Mansilla\">[+]<\/a><\/p>\n","protected":false},"author":298,"featured_media":0,"comment_status":"open","ping_status":"open","sticky":false,"template":"","format":"standard","meta":[],"categories":[1],"tags":[],"acf":[],"_links":{"self":[{"href":"https:\/\/des-for.infd.edu.ar\/sitio\/wp-json\/wp\/v2\/posts\/2643"}],"collection":[{"href":"https:\/\/des-for.infd.edu.ar\/sitio\/wp-json\/wp\/v2\/posts"}],"about":[{"href":"https:\/\/des-for.infd.edu.ar\/sitio\/wp-json\/wp\/v2\/types\/post"}],"author":[{"embeddable":true,"href":"https:\/\/des-for.infd.edu.ar\/sitio\/wp-json\/wp\/v2\/users\/298"}],"replies":[{"embeddable":true,"href":"https:\/\/des-for.infd.edu.ar\/sitio\/wp-json\/wp\/v2\/comments?post=2643"}],"version-history":[{"count":4,"href":"https:\/\/des-for.infd.edu.ar\/sitio\/wp-json\/wp\/v2\/posts\/2643\/revisions"}],"predecessor-version":[{"id":2650,"href":"https:\/\/des-for.infd.edu.ar\/sitio\/wp-json\/wp\/v2\/posts\/2643\/revisions\/2650"}],"wp:attachment":[{"href":"https:\/\/des-for.infd.edu.ar\/sitio\/wp-json\/wp\/v2\/media?parent=2643"}],"wp:term":[{"taxonomy":"category","embeddable":true,"href":"https:\/\/des-for.infd.edu.ar\/sitio\/wp-json\/wp\/v2\/categories?post=2643"},{"taxonomy":"post_tag","embeddable":true,"href":"https:\/\/des-for.infd.edu.ar\/sitio\/wp-json\/wp\/v2\/tags?post=2643"}],"curies":[{"name":"wp","href":"https:\/\/api.w.org\/{rel}","templated":true}]}}